[{"@context":"https:\/\/schema.org\/","@type":"Article","@id":"https:\/\/www.akustair.cz\/pocitace-dnes-a-drive\/#Article","mainEntityOfPage":"https:\/\/www.akustair.cz\/pocitace-dnes-a-drive\/","headline":"Po\u010d\u00edta\u010de dnes a d\u0159\u00edve","name":"Po\u010d\u00edta\u010de dnes a d\u0159\u00edve","description":"Tak\u00e9 si je\u0161t\u011b vzpom\u00edn\u00e1te na to obdob\u00ed, kdy v\u016fbec nikdo nem\u011bl \u017e\u00e1dn\u00fd po\u010d\u00edta\u010d? J\u00e1 si na tohle moc dob\u0159e vzpom\u00edn\u00e1m a \u0159eknu v\u00e1m, \u017ee m\u011b v t\u00e9 dob\u011b bylo opravdu prima. V\u016fbec jsem se nemusela s nik\u00fdm h\u00e1dat, proto\u017ee jsme se nemuseli s nik\u00fdm doma d\u011blit o\u00a0po\u010d\u00edta\u010d anebo t\u0159eba o tablet. A\u00a0\u0159eknu v\u00e1m, \u017ee bez","datePublished":"2023-09-20","dateModified":"2024-05-20","author":{"@type":"Person","@id":"https:\/\/www.akustair.cz\/author\/devene\/#Person","name":"devene","url":"https:\/\/www.akustair.cz\/author\/devene\/","identifier":1,"image":{"@type":"ImageObject","@id":"https:\/\/secure.gravatar.com\/avatar\/89f417dfbb336d235b856435ef935ffa51c2f646edc1f5c4e6fccf32a9c88173?s=96&d=mm&r=g","url":"https:\/\/secure.gravatar.com\/avatar\/89f417dfbb336d235b856435ef935ffa51c2f646edc1f5c4e6fccf32a9c88173?s=96&d=mm&r=g","height":96,"width":96}},"publisher":{"@type":"Organization","name":"akustair.cz","logo":{"@type":"ImageObject","@id":"\/logo.png","url":"\/logo.png","width":600,"height":60}},"image":{"@type":"ImageObject","@id":"https:\/\/www.akustair.cz\/wp-content\/uploads\/laptop-3154222_1280.jpg","url":"https:\/\/www.akustair.cz\/wp-content\/uploads\/laptop-3154222_1280.jpg","height":0,"width":0},"url":"https:\/\/www.akustair.cz\/pocitace-dnes-a-drive\/","about":["PC"],"wordCount":452,"articleBody":"Tak\u00e9 si je\u0161t\u011b vzpom\u00edn\u00e1te na to obdob\u00ed, kdy v\u016fbec nikdo nem\u011bl \u017e\u00e1dn\u00fd po\u010d\u00edta\u010d? J\u00e1 si na tohle moc dob\u0159e vzpom\u00edn\u00e1m a \u0159eknu v\u00e1m, \u017ee m\u011b v t\u00e9 dob\u011b bylo opravdu prima. V\u016fbec jsem se nemusela s nik\u00fdm h\u00e1dat, proto\u017ee jsme se nemuseli s nik\u00fdm doma d\u011blit o\u00a0po\u010d\u00edta\u010d anebo t\u0159eba o tablet. A\u00a0\u0159eknu v\u00e1m, \u017ee bez po\u010d\u00edta\u010de jsem se m\u011bla opravdu hodn\u011b dob\u0159e. To dne\u0161n\u00ed doba, tak ta je \u00fapln\u011b jin\u00e1. V dne\u0161n\u00ed dob\u011b, kdy\u017e n\u011bkdo nem\u00e1 po\u010d\u00edta\u010d, tak je bu\u010fto outsider anebo ten, kdo nem\u00e1 pen\u00edze na n\u011bjak\u00fd po\u010d\u00edta\u010d. Tak\u00e9 je nejhor\u0161\u00ed to, \u017ee dne\u0161n\u00ed generace mlad\u00fdch d\u011bt\u00ed a celkov\u011b d\u011bt\u00ed nebo teenager\u016f, tak se posm\u00edvaj\u00ed t\u011bm druh\u00fdm, kte\u0159\u00ed maj\u00ed t\u0159eba star\u00fd po\u010d\u00edta\u010d anebo i star\u00fd mobiln\u00ed telefon. O tom, \u017ee ka\u017ed\u00fd mus\u00ed m\u00edt\u00a0v\u017edycky n\u011bjakou extra novinku, ka\u017ed\u00fd chce b\u00fdt prvn\u00ed,\u00a0kdo bude m\u00edt n\u011bco nov\u00e9ho na trhu. Tohle se mi v\u016fbec nel\u00edb\u00ed, proto si mysl\u00edm a p\u0159edpokl\u00e1d\u00e1m, \u017ee nejsem jedin\u00e1, komu to vyhovovalo, kdy\u017e byla doba, kdy v\u016fbec neexistovaly po\u010d\u00edta\u010de anebo tak\u00e9 dokonce mobiln\u00ed telefony. J\u00e1 jsem vyr\u016fstala v t\u011bch devades\u00e1t\u00fdch\u00a0letech. Devades\u00e1tky byly opravdu perfektn\u00ed, to jsme v\u0161ichni b\u011bhali po venku. To n\u00e1s v\u017edycky rodi\u010de museli sp\u00ed\u0161e tahat dom\u016f, abychom \u0161li dom\u016f, proto\u017ee jsme st\u00e1le cht\u011bli b\u00fdt jenom venku. To dne\u0161n\u00ed doba je tomu \u00fapln\u011b naopak. Dne\u0161n\u00ed rodi\u010de sp\u00ed\u0161e tahaj\u00ed d\u011bti ven, aby nesed\u011bly\u00a0jenom u po\u010d\u00edta\u010de a aby nekoukaly\u00a0jenom do obrazovky. Podle m\u00e9ho n\u00e1zoru tohle je \u0161koda. V\u016fbec nech\u00e1pu, co se to s dne\u0161n\u00ed ml\u00e1de\u017e\u00ed stalo. M\u016fj bratr, kter\u00fd je o osmn\u00e1ct\u00a0let mlad\u0161\u00ed ne\u017e j\u00e1, tak tak\u00e9 u\u017e propadl tomu, \u017ee je z\u00e1visl\u00fd na po\u010d\u00edta\u010di. Hraje jenom po\u010d\u00edta\u010dov\u00e9 hry. To my\u00a0jako teenage\u0159i jsme b\u011bhali po diskot\u00e9k\u00e1ch anebo n\u011bkde po venku a vraceli se dom\u016f a\u017e v noci anebo k r\u00e1nu. To dneska je to naopak, to dneska do ve\u010dera anebo do r\u00e1na hraj\u00ed r\u016fzn\u00e9 po\u010d\u00edta\u010dov\u00e9 hry anebo online hry.\u00a0Mus\u00edm uznat, \u017ee m\u011b to n\u011bkdy docela mrz\u00ed a je mi to l\u00edto.\u00a0                                                                                                                                                                                                                                                                                                                                                                                        3.7\/5 - (10 votes)        You may also likeN\u011bco o LinuxuM\u016f\u017eu se nau\u010dit na po\u010d\u00edta\u010di?Z\u00e1bava na po\u010d\u00edta\u010di"},{"@context":"https:\/\/schema.org\/","@type":"BreadcrumbList","itemListElement":[{"@type":"ListItem","position":1,"name":"Po\u010d\u00edta\u010de dnes a d\u0159\u00edve","item":"https:\/\/www.akustair.cz\/pocitace-dnes-a-drive\/#breadcrumbitem"}]}]