[{"@context":"https:\/\/schema.org\/","@type":"Article","@id":"https:\/\/www.akustair.cz\/nadseni-pro-vec-a-pouhe-sneni-je-treba-promenit-v-realitu\/#Article","mainEntityOfPage":"https:\/\/www.akustair.cz\/nadseni-pro-vec-a-pouhe-sneni-je-treba-promenit-v-realitu\/","headline":"Nad\u0161en\u00ed pro v\u011bc a pouh\u00e9 sn\u011bn\u00ed je t\u0159eba prom\u011bnit v realitu","name":"Nad\u0161en\u00ed pro v\u011bc a pouh\u00e9 sn\u011bn\u00ed je t\u0159eba prom\u011bnit v realitu","description":"Jste nad\u0161en\u00ed ji\u017e pouhopouhou p\u0159edstavou o tom, \u017ee byste mohli vlastnit motorov\u00fd \u010dlun? Ani nev\u00edte, jak moc v\u00e1m rozum\u00edme. My sami jsme stejn\u00ed nad\u0161enci, kte\u0159\u00ed hledaj\u00ed dobrodru\u017estv\u00ed p\u0159edev\u0161\u00edm v cestov\u00e1n\u00ed po vodn\u00edch ploch\u00e1ch. Pokud st\u00e1le a nep\u0159etr\u017eit\u011b nos\u00edte svou p\u0159edstavu ve sv\u00e9 hlav\u011b, ale st\u00e1le v\u00e1h\u00e1te, zda ji p\u0159ev\u00e9st do reality, na\u0161e rada zn\u00ed &#8211;","datePublished":"2025-09-03","dateModified":"2025-09-03","author":{"@type":"Person","@id":"https:\/\/www.akustair.cz\/author\/devene\/#Person","name":"devene","url":"https:\/\/www.akustair.cz\/author\/devene\/","identifier":1,"image":{"@type":"ImageObject","@id":"https:\/\/secure.gravatar.com\/avatar\/89f417dfbb336d235b856435ef935ffa51c2f646edc1f5c4e6fccf32a9c88173?s=96&d=mm&r=g","url":"https:\/\/secure.gravatar.com\/avatar\/89f417dfbb336d235b856435ef935ffa51c2f646edc1f5c4e6fccf32a9c88173?s=96&d=mm&r=g","height":96,"width":96}},"publisher":{"@type":"Organization","name":"akustair.cz","logo":{"@type":"ImageObject","@id":"\/logo.png","url":"\/logo.png","width":600,"height":60}},"url":"https:\/\/www.akustair.cz\/nadseni-pro-vec-a-pouhe-sneni-je-treba-promenit-v-realitu\/","wordCount":215,"articleBody":"Jste nad\u0161en\u00ed ji\u017e pouhopouhou p\u0159edstavou o tom, \u017ee byste mohli vlastnit motorov\u00fd \u010dlun? Ani nev\u00edte, jak moc v\u00e1m rozum\u00edme. My sami jsme stejn\u00ed nad\u0161enci, kte\u0159\u00ed hledaj\u00ed dobrodru\u017estv\u00ed p\u0159edev\u0161\u00edm v cestov\u00e1n\u00ed po vodn\u00edch ploch\u00e1ch. Pokud st\u00e1le a nep\u0159etr\u017eit\u011b nos\u00edte svou p\u0159edstavu ve sv\u00e9 hlav\u011b, ale st\u00e1le v\u00e1h\u00e1te, zda ji p\u0159ev\u00e9st do reality, na\u0161e rada zn\u00ed &#8211; ud\u011blejte to. Poskytn\u011bte cel\u00e9 sv\u00e9 rodin\u011b naprosto nov\u00e9 z\u00e1\u017eitky i dokonal\u00e9 z\u00e1zem\u00ed motorov\u00e9ho \u010dlunu. Mo\u017en\u00e1 budete p\u0159ekvapeni, jak to cel\u00fd v\u00e1\u0161 rodinn\u00fd klan stmel\u00ed. Nov\u00e9 z\u00e1\u017eitky, kter\u00e9 v\u00e1s napln\u00ed a\u017e po okraj Pouze \u010dluny a jejich lodn\u00ed motory v\u00e1m umo\u017en\u00ed v klidu plout a zastavit, kdekoliv budete cht\u00edt. P\u0159ipravit si na rozd\u011blan\u00e9m ohni \u00falovek, kter\u00fd jste b\u011bhem cesty chytili, a pot\u00e9 se nechat jen tak un\u00e1\u0161et nepatrn\u00fdm proudem a u\u017e\u00edvat \u017eivota. Pokud se u n\u00e1s rozhodnete zakoupit si sv\u016fj prvn\u00ed \u010dlun, jeho\u017e se stanete kapit\u00e1nem, nezapome\u0148te si ho tak\u00e9 vhodn\u011b pojmenovat. Uvid\u00edte, \u017ee se stane mil\u00e1\u010dkem cel\u00e9 va\u0161\u00ed rodiny stejn\u011b tak, jako se st\u00e1vaj\u00ed jej\u00edmi mil\u00e1\u010dky \u010dty\u0159noz\u00ed mazl\u00ed\u010dkov\u00e9.                                                                                                                                                                                                                                                                                                                                                                                                "},{"@context":"https:\/\/schema.org\/","@type":"BreadcrumbList","itemListElement":[{"@type":"ListItem","position":1,"name":"Nad\u0161en\u00ed pro v\u011bc a pouh\u00e9 sn\u011bn\u00ed je t\u0159eba prom\u011bnit v realitu","item":"https:\/\/www.akustair.cz\/nadseni-pro-vec-a-pouhe-sneni-je-treba-promenit-v-realitu\/#breadcrumbitem"}]}]