[{"@context":"https:\/\/schema.org\/","@type":"Article","@id":"https:\/\/www.akustair.cz\/mit-bazen-je-skvele\/#Article","mainEntityOfPage":"https:\/\/www.akustair.cz\/mit-bazen-je-skvele\/","headline":"M\u00edt baz\u00e9n je skv\u011bl\u00e9","name":"M\u00edt baz\u00e9n je skv\u011bl\u00e9","description":"Kdy je l\u00e9to kr\u00e1sn\u00e9? P\u0159ece tehdy, kdy\u017e je n\u00e1dhern\u00e9 po\u010das\u00ed. Kdy\u017e je venku teplo a slune\u010dno, kdy\u017e je nebe bez mr\u00e1\u010dku a lze se pohybovat venku kdykoliv i jenom docela nalehko. A kdy je l\u00e9to je\u0161t\u011b kr\u00e1sn\u011bj\u0161\u00ed? Kdy\u017e se m\u00e1 \u010dlov\u011bk v pr\u00e1v\u011b panuj\u00edc\u00edm teple i kde osv\u011b\u017eit. Proto\u017ee na\u0161e l\u00e9ta jsou p\u0159ece jenom docela","datePublished":"2024-04-13","dateModified":"2024-05-13","author":{"@type":"Person","@id":"https:\/\/www.akustair.cz\/author\/devene\/#Person","name":"devene","url":"https:\/\/www.akustair.cz\/author\/devene\/","identifier":1,"image":{"@type":"ImageObject","@id":"https:\/\/secure.gravatar.com\/avatar\/89f417dfbb336d235b856435ef935ffa51c2f646edc1f5c4e6fccf32a9c88173?s=96&d=mm&r=g","url":"https:\/\/secure.gravatar.com\/avatar\/89f417dfbb336d235b856435ef935ffa51c2f646edc1f5c4e6fccf32a9c88173?s=96&d=mm&r=g","height":96,"width":96}},"publisher":{"@type":"Organization","name":"akustair.cz","logo":{"@type":"ImageObject","@id":"\/logo.png","url":"\/logo.png","width":600,"height":60}},"image":{"@type":"ImageObject","@id":"https:\/\/www.akustair.cz\/wp-content\/uploads\/bbbbbbbbbbbbb.jpg","url":"https:\/\/www.akustair.cz\/wp-content\/uploads\/bbbbbbbbbbbbb.jpg","height":0,"width":0},"url":"https:\/\/www.akustair.cz\/mit-bazen-je-skvele\/","about":["N\u00e1kupy"],"wordCount":474,"articleBody":"   Kdy je l\u00e9to kr\u00e1sn\u00e9? P\u0159ece tehdy, kdy\u017e je n\u00e1dhern\u00e9 po\u010das\u00ed. Kdy\u017e je venku teplo a slune\u010dno, kdy\u017e je nebe bez mr\u00e1\u010dku a lze se pohybovat venku kdykoliv i jenom docela nalehko. A kdy je l\u00e9to je\u0161t\u011b kr\u00e1sn\u011bj\u0161\u00ed? Kdy\u017e se m\u00e1 \u010dlov\u011bk v pr\u00e1v\u011b panuj\u00edc\u00edm teple i kde osv\u011b\u017eit. Proto\u017ee na\u0161e l\u00e9ta jsou p\u0159ece jenom docela hork\u00e1, a tak \u010dasto p\u0159ijde i n\u011bjak\u00e9 to ochlazen\u00ed k duhu. Je sice hezk\u00e9, \u017ee je n\u00e1m teplo, ale \u010deho je moc, toho u\u017e je prost\u011b p\u0159\u00edli\u0161.Tak\u017ee je n\u00e1m lidem v l\u00e9t\u011b nejl\u00e9pe, kdy\u017e se m\u016f\u017eeme sou\u010dasn\u011b h\u0159\u00e1t na slunci nebo n\u011bkde ve st\u00ednu, ale z\u00e1rove\u0148 n\u00e1m nehroz\u00ed ani to, \u017ee bychom byli nep\u0159\u00edjemn\u011b lepkav\u00ed od potu. Ov\u0161em oboj\u00ed sou\u010dasn\u011b vesm\u011bs nenast\u00e1v\u00e1. Bu\u010f je chladno a nezpoceno, nebo teplo, ale se zm\u00edn\u011bn\u00fdm nep\u0159\u00edjemn\u00fdm pocitem.Ale p\u0159esto si my lid\u00e9 um\u00edme za\u0159\u00eddit i v tomto ohledu aspo\u0148 relativn\u011b dobrou situaci. P\u0159esto se dok\u00e1\u017eeme i v tom nejv\u011bt\u0161\u00edm horku c\u00edtit p\u0159\u00edjemn\u011b. A sice d\u00edky tomu, \u017ee se um\u00edme a \u010dasto i m\u016f\u017eeme n\u011bkde koupat. Kdy\u017e m\u00e1me volno, m\u016f\u017eeme si zaj\u00edt konkr\u00e9tn\u011b tady u n\u00e1s k jezeru. A jinde v na\u0161\u00ed zemi t\u0159eba aspo\u0148 k rybn\u00edku. Nebo potoku \u010di \u0159ece. Prost\u011b k vod\u011b. U\u017e i samotn\u00fd pobyt u takov\u00e9 vody je p\u0159\u00edjemn\u011bj\u0161\u00ed, ne\u017e dejme tomu mezi panel\u00e1ky na s\u00eddli\u0161ti. A kdy\u017e pak do takov\u00e9 vody vstoup\u00edme, m\u016f\u017ee n\u00e1m b\u00fdt je\u0161t\u011b p\u0159\u00edjemn\u011bji.A kdo z koupaj\u00edc\u00edch se lid\u00ed na tom b\u00fdv\u00e1 nejl\u00e9pe? P\u0159ece ti, kte\u0159\u00ed maj\u00ed vlastn\u00ed baz\u00e9n. Ti ho m\u00edvaj\u00ed po ruce, je tu jenom pro n\u011b a nehroz\u00ed tu ani dal\u0161\u00ed nedostatky, kter\u00e9 mohou p\u0159\u00edrodn\u00ed vodn\u00ed plochy \u010dasto m\u00edt. A proto si mnoz\u00ed z n\u00e1s po\u0159\u00eddili nebo po\u0159izuj\u00ed sv\u00e9 baz\u00e9ny do zem\u011b na kl\u00ed\u010d. Ty si jednodu\u0161e koup\u00ed, nechaj\u00ed si je postavit tam, kde je mohou a cht\u011bj\u00ed m\u00edt, a to se to potom koupe! To je potom ta prav\u00e1 sv\u011b\u017eest. A co vy? Tak\u00e9 m\u00e1te to \u0161t\u011bst\u00ed, \u017ee vlastn\u00edte sv\u016fj baz\u00e9n, kter\u00fd si m\u016f\u017eete u\u017e\u00edvat dosyta? Jestli ano, gratuluji v\u00e1m. A jestli ne, nikdy nen\u00ed pozd\u011b na tom n\u011bco zm\u011bnit. Tedy si tak\u00e9 n\u011bjak\u00fd koupit.                                                                                                                                                                                                                                                                                                                                                                                          4\/5 - (11 votes)        You may also likeSex bez obavP\u0159\u00edst\u0159e\u0161ky pro kontejnery: Praktick\u00e9 a rychle instalovateln\u00e9 \u0159e\u0161en\u00ed od 15 000 K\u010d bez DPHKdy volit u gar\u00e1\u017ee posuvn\u00e1 vrata"},{"@context":"https:\/\/schema.org\/","@type":"BreadcrumbList","itemListElement":[{"@type":"ListItem","position":1,"name":"M\u00edt baz\u00e9n je skv\u011bl\u00e9","item":"https:\/\/www.akustair.cz\/mit-bazen-je-skvele\/#breadcrumbitem"}]}]