[{"@context":"https:\/\/schema.org\/","@type":"Article","@id":"https:\/\/www.akustair.cz\/dovolena-se-vsim-vsudy\/#Article","mainEntityOfPage":"https:\/\/www.akustair.cz\/dovolena-se-vsim-vsudy\/","headline":"Dovolen\u00e1 se v\u0161\u00edm v\u0161udy","name":"Dovolen\u00e1 se v\u0161\u00edm v\u0161udy","description":"Pokud i vy pl\u00e1nujete nam\u00ed\u0159it sv\u00e9 kroky o pr\u00e1zdnin\u00e1ch do Chorvatska, tak byste m\u011bli promyslet nejenom cestu, ale i samotn\u00e9 ubytov\u00e1n\u00ed. Je toti\u017e velmi d\u016fle\u017eit\u00e9 naj\u00edt si takov\u00fd objekt, ve kter\u00e9m v\u00e1m nebude nic chyb\u011bt. Nechcete si p\u0159eci zkazit svou dlouhou o\u010dek\u00e1vanou dovolenou \u0161patn\u011b zvolen\u00fdm objektem, \u017ee ne? Nev\u00e1hejte se tedy obr\u00e1tit na n\u00e1s, jsme","datePublished":"2023-06-30","dateModified":"2024-07-03","author":{"@type":"Person","@id":"https:\/\/www.akustair.cz\/author\/devene\/#Person","name":"devene","url":"https:\/\/www.akustair.cz\/author\/devene\/","identifier":1,"image":{"@type":"ImageObject","@id":"https:\/\/secure.gravatar.com\/avatar\/89f417dfbb336d235b856435ef935ffa51c2f646edc1f5c4e6fccf32a9c88173?s=96&d=mm&r=g","url":"https:\/\/secure.gravatar.com\/avatar\/89f417dfbb336d235b856435ef935ffa51c2f646edc1f5c4e6fccf32a9c88173?s=96&d=mm&r=g","height":96,"width":96}},"publisher":{"@type":"Organization","name":"akustair.cz","logo":{"@type":"ImageObject","@id":"\/logo.png","url":"\/logo.png","width":600,"height":60}},"url":"https:\/\/www.akustair.cz\/dovolena-se-vsim-vsudy\/","wordCount":231,"articleBody":"Pokud i vy pl\u00e1nujete nam\u00ed\u0159it sv\u00e9 kroky o pr\u00e1zdnin\u00e1ch do Chorvatska, tak byste m\u011bli promyslet nejenom cestu, ale i samotn\u00e9 ubytov\u00e1n\u00ed. Je toti\u017e velmi d\u016fle\u017eit\u00e9 naj\u00edt si takov\u00fd objekt, ve kter\u00e9m v\u00e1m nebude nic chyb\u011bt. Nechcete si p\u0159eci zkazit svou dlouhou o\u010dek\u00e1vanou dovolenou \u0161patn\u011b zvolen\u00fdm objektem, \u017ee ne? Nev\u00e1hejte se tedy obr\u00e1tit na n\u00e1s, jsme toti\u017e schopni v\u00e1m zajistit velmi p\u0159\u00edjemn\u011b vybaven\u00e9 a hlavn\u011b pohodln\u00e9 apartm\u00e1ny Chorvatsko, kter\u00e9 si zajist\u00e9 obl\u00edb\u00edte a ve kter\u00fdch se v\u00e1m bude skv\u011ble p\u0159ipravovat j\u00eddlo, odpo\u010d\u00edvat po dnu str\u00e1ven\u00e9m u mo\u0159e a sp\u00e1t.M\u00e1te na v\u00fdb\u011brM\u016f\u017eete si sami zvolit apartm\u00e1n, ve kter\u00e9m budete cht\u00edt tr\u00e1vit sv\u016fj \u010das. Na v\u00fdb\u011br m\u00e1te z r\u016fzn\u00fdch objekt\u016f, kter\u00e9 se li\u0161\u00ed cenou, vybavenost\u00ed a tak\u00e9 zajist\u00e9 polohou. Vyberte si tedy takov\u00fd, kter\u00fd v\u00e1m bude po v\u0161ech ohledech pln\u011b vyhovovat a kter\u00fd pro v\u00e1s bude zkr\u00e1tka nejlep\u0161\u00ed. Pot\u00e9 v\u00e1m zb\u00fdv\u00e1 ji\u017e jedin\u00e9, domluvit si dopravu a za\u010d\u00edt se t\u011b\u0161it na poveden\u00e9 a nezapomenuteln\u00e9 l\u00e9to, kter\u00e9 str\u00e1v\u00edte u mo\u0159e. S objektem, ve kter\u00e9m budete ubytov\u00e1ni, budete rozhodn\u011b spokojeni.                                                                                                                                                                                                                                                                                                                                                                                        4.2\/5 - (9 votes)        "},{"@context":"https:\/\/schema.org\/","@type":"BreadcrumbList","itemListElement":[{"@type":"ListItem","position":1,"name":"Dovolen\u00e1 se v\u0161\u00edm v\u0161udy","item":"https:\/\/www.akustair.cz\/dovolena-se-vsim-vsudy\/#breadcrumbitem"}]}]