[{"@context":"https:\/\/schema.org\/","@type":"Article","@id":"https:\/\/www.akustair.cz\/dejte-prednost-ruzovemu-kocarku\/#Article","mainEntityOfPage":"https:\/\/www.akustair.cz\/dejte-prednost-ruzovemu-kocarku\/","headline":"Dejte p\u0159ednost r\u016f\u017eov\u00e9mu ko\u010d\u00e1rku","name":"Dejte p\u0159ednost r\u016f\u017eov\u00e9mu ko\u010d\u00e1rku","description":"Zaregistrovali jste v posledn\u00edch letech, \u017ee se z lidsk\u00e9ho \u017eivota nen\u00e1padn\u011b vytr\u00e1c\u00ed barvy? Neplat\u00ed to samoz\u0159ejm\u011b v glob\u00e1lu pro v\u0161echny, ale sta\u010d\u00ed se porozhl\u00e9dnout kolem sebe a zam\u011b\u0159it se na mnoh\u00e9 pr\u016fmyslov\u00e9 v\u00fdrobky z odv\u011btv\u00ed n\u00e1bytku, dom\u00e1c\u00edch spot\u0159ebi\u010d\u016f, v\u00fdpo\u010detn\u00ed techniky, automobil\u016f i textili\u00ed, abyste zaregistrovali, \u017ee tu ve velk\u00e9 m\u00ed\u0159e vl\u00e1dne \u0161ed\u00e1, \u010dern\u00e1 a velmi","datePublished":"2023-03-25","dateModified":"2023-04-26","author":{"@type":"Person","@id":"https:\/\/www.akustair.cz\/author\/devene\/#Person","name":"devene","url":"https:\/\/www.akustair.cz\/author\/devene\/","identifier":1,"image":{"@type":"ImageObject","@id":"https:\/\/secure.gravatar.com\/avatar\/89f417dfbb336d235b856435ef935ffa51c2f646edc1f5c4e6fccf32a9c88173?s=96&d=mm&r=g","url":"https:\/\/secure.gravatar.com\/avatar\/89f417dfbb336d235b856435ef935ffa51c2f646edc1f5c4e6fccf32a9c88173?s=96&d=mm&r=g","height":96,"width":96}},"publisher":{"@type":"Organization","name":"akustair.cz","logo":{"@type":"ImageObject","@id":"\/logo.png","url":"\/logo.png","width":600,"height":60}},"image":{"@type":"ImageObject","@id":"https:\/\/www.akustair.cz\/wp-content\/uploads\/bassinet-gcccf2ef7b_640.jpg","url":"https:\/\/www.akustair.cz\/wp-content\/uploads\/bassinet-gcccf2ef7b_640.jpg","height":0,"width":0},"url":"https:\/\/www.akustair.cz\/dejte-prednost-ruzovemu-kocarku\/","about":["N\u00e1kupy"],"wordCount":433,"articleBody":"        Zaregistrovali jste v posledn\u00edch letech, \u017ee se z lidsk\u00e9ho \u017eivota nen\u00e1padn\u011b vytr\u00e1c\u00ed barvy? Neplat\u00ed to samoz\u0159ejm\u011b v glob\u00e1lu pro v\u0161echny, ale sta\u010d\u00ed se porozhl\u00e9dnout kolem sebe a zam\u011b\u0159it se na mnoh\u00e9 pr\u016fmyslov\u00e9 v\u00fdrobky z odv\u011btv\u00ed n\u00e1bytku, dom\u00e1c\u00edch spot\u0159ebi\u010d\u016f, v\u00fdpo\u010detn\u00ed techniky, automobil\u016f i textili\u00ed, abyste zaregistrovali, \u017ee tu ve velk\u00e9 m\u00ed\u0159e vl\u00e1dne \u0161ed\u00e1, \u010dern\u00e1 a velmi tmav\u00e9 t\u00f3ny modr\u00e9 a hn\u011bd\u00e9 \u010di zelen\u00e9. Z barevn\u00e9ho spektra se je\u0161t\u011b prosad\u00ed \u010derven\u00e1 \u010di oran\u017eov\u00e1, ale ostatn\u00ed barvy z\u016fst\u00e1vaj\u00ed v pozad\u00ed z\u00e1jmu. Nejh\u016f\u0159e jsou na tom zejm\u00e9na \u017elut\u00e1 a r\u016f\u017eov\u00e1.Pro\u010d tomu tak je, na to je pom\u011brn\u011b snadn\u00e1 odpov\u011b\u010f. \u017dlut\u00e1 vyjad\u0159uje \u0161t\u011bst\u00ed, tvo\u0159ivost a touhu po sd\u00edlen\u00ed, podporuje dobr\u00e9 mezilidsk\u00e9 vztahy a tlum\u00ed konflikty. Jist\u011b v\u00e1m neunikne \u017elut\u00e1 barva slune\u010dn\u00edho z\u00e1\u0159en\u00ed, d\u00edky n\u00ed\u017e se za slune\u010dn\u00fdch dn\u016f tak\u00e9 c\u00edt\u00edme v lep\u0161\u00ed n\u00e1lad\u011b. Mnoho lid\u00ed se bohu\u017eel podd\u00e1v\u00e1 jak\u00fdmsi skeps\u00edm a na \u017elutou bu\u010fto zapom\u00edn\u00e1, anebo je pro n\u011b p\u0159\u00edli\u0161 z\u00e1\u0159iv\u00e1, proto\u017ee jejich nitro tak z\u00e1\u0159iv\u00e9 rozhodn\u011b nen\u00ed.R\u016f\u017eov\u00e1 barva je odjak\u017eiva barvou l\u00e1sky. A to nejen mileneck\u00e9, ale i ve form\u011b p\u0159\u00e1telstv\u00ed mezi sourozenci, d\u011btmi a rodi\u010di \u010di prarodi\u010di, spolu\u017e\u00e1ky nebo kolegy na pracovi\u0161ti. S r\u016f\u017eovou je \u010dasto spojov\u00e1n i r\u016f\u017eov\u00fd ko\u010d\u00e1rek ur\u010den\u00fd pro hol\u010di\u010dky, jen\u017ee to je sv\u00fdm zp\u016fsobem rafinovan\u00fd spole\u010densk\u00fd dikt\u00e1t, kter\u00fd nem\u00e1 tak hlubok\u00e9 ko\u0159eny, jak si mysl\u00edte. Nap\u0159\u00edklad v dob\u011b renesance byla r\u016f\u017eov\u00e1 obl\u00edbenou barvou zejm\u00e9na mezi mu\u017ei, kte\u0159\u00ed obl\u00e9kali r\u016f\u017eov\u00e9 ko\u0161ile a dokonce i pun\u010dochy na odhalen\u00e1 l\u00fdtka.Nesty\u010fte se tedy zam\u011b\u0159it nejen na \u017elutou nebo r\u016f\u017eovou barvu ko\u010d\u00e1rk\u016f pro d\u011bti a d\u011btsk\u00e9ho oble\u010den\u00ed, v\u011bnujte pozornost i sob\u011b a d\u00e1vejte p\u0159ednost pastelov\u00fdm v\u00fdrazn\u00fdm barv\u00e1m, proto\u017ee pom\u00e1haj\u00ed proti depres\u00edm a \u0161patn\u00e9 n\u00e1lad\u011b a nebudou v\u00e1m tak ods\u00e1vat z aury energii, jak to um\u00ed hlavn\u011b \u010dern\u00e1 a tmav\u011b \u0161ed\u00e1. A za\u0159a\u010fte barvy do sv\u00e9ho \u017eivota i ve va\u0161em obytn\u00e9m interi\u00e9ru.                                                                                                                                                                                                                                                                                                                                                                                                  You may also likeSex bez obavP\u0159\u00edst\u0159e\u0161ky pro kontejnery: Praktick\u00e9 a rychle instalovateln\u00e9 \u0159e\u0161en\u00ed od 15 000 K\u010d bez DPHKdy volit u gar\u00e1\u017ee posuvn\u00e1 vrata"},{"@context":"https:\/\/schema.org\/","@type":"BreadcrumbList","itemListElement":[{"@type":"ListItem","position":1,"name":"Dejte p\u0159ednost r\u016f\u017eov\u00e9mu ko\u010d\u00e1rku","item":"https:\/\/www.akustair.cz\/dejte-prednost-ruzovemu-kocarku\/#breadcrumbitem"}]}]